{"id":4553,"date":"2025-01-04T17:47:09","date_gmt":"2025-01-04T16:47:09","guid":{"rendered":"https:\/\/tradelex.com\/?p=4553"},"modified":"2025-01-07T12:20:01","modified_gmt":"2025-01-07T11:20:01","slug":"the-golden-visas-will-end-on-april-3","status":"publish","type":"post","link":"https:\/\/tradelex.com\/en\/2025\/01\/04\/the-golden-visas-will-end-on-april-3\/","title":{"rendered":"The Golden Visas will end on April 3rd"},"content":{"rendered":"<p>On January 3, Organic Law 1\/2025, of January 2, on measures regarding the efficiency of the Public Justice Service, was published in the BOE. It contains a provision that modifies Law 14\/2013, of September 27, on support for entrepreneurs and their internationalization.<\/p>\n<p>Specifically, the Twenty-first Final Provision modifies arts. 63, 64, 65, 66 and 67 of <a href=\"https:\/\/www.boe.es\/buscar\/act.php?id=BOE-A-2013-10074\">Law 14\/2013, of September 27, on support for entrepreneurs and their internationalization<\/a>, leaving them without content and therefore eliminating the possibility of obtaining visas or residence permits for investors.<\/p>\n<p>Therefore, as of April 3, 2025, when Organic Law 14\/2013 will come into force, the Golden Visas will end on April 3, 2025. 1\/2025, non-resident foreigners who intend to enter Spanish territory in order to make a significant capital investment will no longer be able to apply for a residence or stay visa for investors.<\/p>\n<p>Until April 2 of this year, applications for a residence visa for investors will be accepted.<\/p>\n<div class=\"fivo-docs fivo-docs-attachments\"><h3 class=\"fivo-docs-attachments-title\">Organic Law 1\/2025, of January 2, on measures regarding the efficiency of the Public Justice Service.<\/h3><div class=\"fivo-docs-list fivo-docs-attachments-list\"><a target=\"_blank\" href=\"https:\/\/tradelex.com\/wp-content\/uploads\/2025\/01\/LO-1-2025.pdf\" class=\"fivo-docs-item\"><span class=\"fivo-docs-file-icon\" data-fivo-docs-file-type=\"pdf\"><span><\/span><\/span>LO 1-2025<span class=\"fivo-docs-info\"><span class=\"fivo-docs-size\">5.1 MB<\/span><\/span><\/a><\/div><\/div>\n","protected":false},"excerpt":{"rendered":"<p>On January 3, Organic Law 1\/2025, of January 2, on measures regarding the efficiency of the Public Justice Service, was published in the BOE. It contains a provision that modifies Law 14\/2013, of September 27, on support for entrepreneurs and their internationalization. Specifically, the Twenty-first Final Provision modifies arts. 63, 64, 65, 66 and 67  [&#8230;]<\/p>\n","protected":false},"author":1,"featured_media":4287,"comment_status":"closed","ping_status":"open","sticky":false,"template":"","format":"standard","meta":{"footnotes":""},"categories":[131],"tags":[207],"class_list":["post-4553","post","type-post","status-publish","format-standard","has-post-thumbnail","hentry","category-business-immigration","tag-golden-visas-in-spain"],"yoast_head":"<!-- This site is optimized with the Yoast SEO Premium plugin v27.4 (Yoast SEO v27.4) - https:\/\/yoast.com\/product\/yoast-seo-premium-wordpress\/ -->\n<title>The Golden Visas will end on April 3rd - Abogados de extranjer\u00eda en Bilbao, nacionalidad y derecho internacional en Bilbao, Immigration and international business lawyers in Spain<\/title>\n<meta name=\"description\" content=\"Abogados especialistas en derecho migratorio y de extranjer\u00eda, nacionalidad y derecho internacional privado en Bilbao, Bizkaia, Espa\u00f1a\" \/>\n<meta name=\"robots\" content=\"index, follow, max-snippet:-1, max-image-preview:large, max-video-preview:-1\" \/>\n<link rel=\"canonical\" href=\"https:\/\/tradelex.com\/en\/2025\/01\/04\/the-golden-visas-will-end-on-april-3\/\" \/>\n<meta property=\"og:locale\" content=\"en_US\" \/>\n<meta property=\"og:type\" content=\"article\" \/>\n<meta property=\"og:title\" content=\"The Golden Visas will end on April 3rd\" \/>\n<meta property=\"og:description\" content=\"On January 3, Organic Law 1\/2025, of January 2, on measures regarding the efficiency of the Public Justice Service, was published in the BOE. It contains\" \/>\n<meta property=\"og:url\" content=\"https:\/\/tradelex.com\/en\/2025\/01\/04\/the-golden-visas-will-end-on-april-3\/\" \/>\n<meta property=\"og:site_name\" content=\"Abogados de extranjer\u00eda en Bilbao, nacionalidad y derecho internacional en Bilbao, Immigration and international business lawyers in Spain\" \/>\n<meta property=\"article:published_time\" content=\"2025-01-04T16:47:09+00:00\" \/>\n<meta property=\"article:modified_time\" content=\"2025-01-07T11:20:01+00:00\" \/>\n<meta property=\"og:image\" content=\"https:\/\/tradelex.com\/wp-content\/uploads\/2024\/04\/Two-story_single-family_home.jpg\" \/>\n\t<meta property=\"og:image:width\" content=\"800\" \/>\n\t<meta property=\"og:image:height\" content=\"604\" \/>\n\t<meta property=\"og:image:type\" content=\"image\/jpeg\" \/>\n<meta name=\"author\" content=\"tradelex\" \/>\n<meta name=\"twitter:card\" content=\"summary_large_image\" \/>\n<meta name=\"twitter:creator\" content=\"@tradelex\" \/>\n<meta name=\"twitter:site\" content=\"@tradelex\" \/>\n<script type=\"application\/ld+json\" class=\"yoast-schema-graph\">{\"@context\":\"https:\\\/\\\/schema.org\",\"@graph\":[{\"@type\":\"Article\",\"@id\":\"https:\\\/\\\/tradelex.com\\\/en\\\/2025\\\/01\\\/04\\\/the-golden-visas-will-end-on-april-3\\\/#article\",\"isPartOf\":{\"@id\":\"https:\\\/\\\/tradelex.com\\\/en\\\/2025\\\/01\\\/04\\\/the-golden-visas-will-end-on-april-3\\\/\"},\"author\":{\"name\":\"tradelex\",\"@id\":\"https:\\\/\\\/tradelex.com\\\/en\\\/#\\\/schema\\\/person\\\/26775806cf9adcc26b36e484909cad24\"},\"headline\":\"The Golden Visas will end on April 3rd\",\"datePublished\":\"2025-01-04T16:47:09+00:00\",\"dateModified\":\"2025-01-07T11:20:01+00:00\",\"mainEntityOfPage\":{\"@id\":\"https:\\\/\\\/tradelex.com\\\/en\\\/2025\\\/01\\\/04\\\/the-golden-visas-will-end-on-april-3\\\/\"},\"wordCount\":163,\"publisher\":{\"@id\":\"https:\\\/\\\/tradelex.com\\\/en\\\/#organization\"},\"image\":{\"@id\":\"https:\\\/\\\/tradelex.com\\\/en\\\/2025\\\/01\\\/04\\\/the-golden-visas-will-end-on-april-3\\\/#primaryimage\"},\"thumbnailUrl\":\"https:\\\/\\\/tradelex.com\\\/wp-content\\\/uploads\\\/2024\\\/04\\\/Two-story_single-family_home.jpg\",\"keywords\":[\"golden visas in Spain\"],\"articleSection\":[\"Business immigration\"],\"inLanguage\":\"en-US\"},{\"@type\":\"WebPage\",\"@id\":\"https:\\\/\\\/tradelex.com\\\/en\\\/2025\\\/01\\\/04\\\/the-golden-visas-will-end-on-april-3\\\/\",\"url\":\"https:\\\/\\\/tradelex.com\\\/en\\\/2025\\\/01\\\/04\\\/the-golden-visas-will-end-on-april-3\\\/\",\"name\":\"The Golden Visas will end on April 3rd - Abogados de extranjer\u00eda en Bilbao, nacionalidad y derecho internacional en Bilbao, Immigration and international business lawyers in Spain\",\"isPartOf\":{\"@id\":\"https:\\\/\\\/tradelex.com\\\/en\\\/#website\"},\"primaryImageOfPage\":{\"@id\":\"https:\\\/\\\/tradelex.com\\\/en\\\/2025\\\/01\\\/04\\\/the-golden-visas-will-end-on-april-3\\\/#primaryimage\"},\"image\":{\"@id\":\"https:\\\/\\\/tradelex.com\\\/en\\\/2025\\\/01\\\/04\\\/the-golden-visas-will-end-on-april-3\\\/#primaryimage\"},\"thumbnailUrl\":\"https:\\\/\\\/tradelex.com\\\/wp-content\\\/uploads\\\/2024\\\/04\\\/Two-story_single-family_home.jpg\",\"datePublished\":\"2025-01-04T16:47:09+00:00\",\"dateModified\":\"2025-01-07T11:20:01+00:00\",\"description\":\"Abogados especialistas en derecho migratorio y de extranjer\u00eda, nacionalidad y derecho internacional privado en Bilbao, Bizkaia, Espa\u00f1a\",\"breadcrumb\":{\"@id\":\"https:\\\/\\\/tradelex.com\\\/en\\\/2025\\\/01\\\/04\\\/the-golden-visas-will-end-on-april-3\\\/#breadcrumb\"},\"inLanguage\":\"en-US\",\"potentialAction\":[{\"@type\":\"ReadAction\",\"target\":[\"https:\\\/\\\/tradelex.com\\\/en\\\/2025\\\/01\\\/04\\\/the-golden-visas-will-end-on-april-3\\\/\"]}]},{\"@type\":\"ImageObject\",\"inLanguage\":\"en-US\",\"@id\":\"https:\\\/\\\/tradelex.com\\\/en\\\/2025\\\/01\\\/04\\\/the-golden-visas-will-end-on-april-3\\\/#primaryimage\",\"url\":\"https:\\\/\\\/tradelex.com\\\/wp-content\\\/uploads\\\/2024\\\/04\\\/Two-story_single-family_home.jpg\",\"contentUrl\":\"https:\\\/\\\/tradelex.com\\\/wp-content\\\/uploads\\\/2024\\\/04\\\/Two-story_single-family_home.jpg\",\"width\":800,\"height\":604},{\"@type\":\"BreadcrumbList\",\"@id\":\"https:\\\/\\\/tradelex.com\\\/en\\\/2025\\\/01\\\/04\\\/the-golden-visas-will-end-on-april-3\\\/#breadcrumb\",\"itemListElement\":[{\"@type\":\"ListItem\",\"position\":1,\"name\":\"Portada\",\"item\":\"https:\\\/\\\/tradelex.com\\\/en\\\/home\\\/\"},{\"@type\":\"ListItem\",\"position\":2,\"name\":\"The Golden Visas will end on April 3rd\"}]},{\"@type\":\"WebSite\",\"@id\":\"https:\\\/\\\/tradelex.com\\\/en\\\/#website\",\"url\":\"https:\\\/\\\/tradelex.com\\\/en\\\/\",\"name\":\"Tradelex Abogados - Especialistas en Extranjer\u00eda, nacionalidad e Internacional privado en Bilbao Bizkaia, immigration and international business lawyers in Bilbao Spain\",\"description\":\"Abogados especialistas en derecho de extranjer\u00eda e inmigraci\u00f3n, nacionalidad e internacional privado en Bilbao, Bizkaia, Pa\u00eds Vasco, Basque Country Spain\",\"publisher\":{\"@id\":\"https:\\\/\\\/tradelex.com\\\/en\\\/#organization\"},\"alternateName\":\"Tradelex Abogados de extranjer\u00eda\",\"potentialAction\":[{\"@type\":\"SearchAction\",\"target\":{\"@type\":\"EntryPoint\",\"urlTemplate\":\"https:\\\/\\\/tradelex.com\\\/en\\\/?s={search_term_string}\"},\"query-input\":{\"@type\":\"PropertyValueSpecification\",\"valueRequired\":true,\"valueName\":\"search_term_string\"}}],\"inLanguage\":\"en-US\"},{\"@type\":\"Organization\",\"@id\":\"https:\\\/\\\/tradelex.com\\\/en\\\/#organization\",\"name\":\"Tradelex Abogados\",\"url\":\"https:\\\/\\\/tradelex.com\\\/en\\\/\",\"logo\":{\"@type\":\"ImageObject\",\"inLanguage\":\"en-US\",\"@id\":\"https:\\\/\\\/tradelex.com\\\/en\\\/#\\\/schema\\\/logo\\\/image\\\/\",\"url\":\"https:\\\/\\\/tradelex.com\\\/wp-content\\\/uploads\\\/2018\\\/12\\\/dark_logo_white_background_reducido-web.jpg\",\"contentUrl\":\"https:\\\/\\\/tradelex.com\\\/wp-content\\\/uploads\\\/2018\\\/12\\\/dark_logo_white_background_reducido-web.jpg\",\"width\":261,\"height\":80,\"caption\":\"Tradelex Abogados\"},\"image\":{\"@id\":\"https:\\\/\\\/tradelex.com\\\/en\\\/#\\\/schema\\\/logo\\\/image\\\/\"},\"sameAs\":[\"https:\\\/\\\/x.com\\\/tradelex\",\"https:\\\/\\\/www.linkedin.com\\\/in\\\/brunomanzanares\\\/\"]},{\"@type\":\"Person\",\"@id\":\"https:\\\/\\\/tradelex.com\\\/en\\\/#\\\/schema\\\/person\\\/26775806cf9adcc26b36e484909cad24\",\"name\":\"tradelex\",\"image\":{\"@type\":\"ImageObject\",\"inLanguage\":\"en-US\",\"@id\":\"https:\\\/\\\/secure.gravatar.com\\\/avatar\\\/f4af1ea47c4bb1f59ffd3ead73eeae51ec72b84137c42caadf993f7f0c815e3a?s=96&d=mm&r=g\",\"url\":\"https:\\\/\\\/secure.gravatar.com\\\/avatar\\\/f4af1ea47c4bb1f59ffd3ead73eeae51ec72b84137c42caadf993f7f0c815e3a?s=96&d=mm&r=g\",\"contentUrl\":\"https:\\\/\\\/secure.gravatar.com\\\/avatar\\\/f4af1ea47c4bb1f59ffd3ead73eeae51ec72b84137c42caadf993f7f0c815e3a?s=96&d=mm&r=g\",\"caption\":\"tradelex\"}}]}<\/script>\n<!-- \/ Yoast SEO Premium plugin. -->","yoast_head_json":{"title":"The Golden Visas will end on April 3rd - Abogados de extranjer\u00eda en Bilbao, nacionalidad y derecho internacional en Bilbao, Immigration and international business lawyers in Spain","description":"Abogados especialistas en derecho migratorio y de extranjer\u00eda, nacionalidad y derecho internacional privado en Bilbao, Bizkaia, Espa\u00f1a","robots":{"index":"index","follow":"follow","max-snippet":"max-snippet:-1","max-image-preview":"max-image-preview:large","max-video-preview":"max-video-preview:-1"},"canonical":"https:\/\/tradelex.com\/en\/2025\/01\/04\/the-golden-visas-will-end-on-april-3\/","og_locale":"en_US","og_type":"article","og_title":"The Golden Visas will end on April 3rd","og_description":"On January 3, Organic Law 1\/2025, of January 2, on measures regarding the efficiency of the Public Justice Service, was published in the BOE. It contains","og_url":"https:\/\/tradelex.com\/en\/2025\/01\/04\/the-golden-visas-will-end-on-april-3\/","og_site_name":"Abogados de extranjer\u00eda en Bilbao, nacionalidad y derecho internacional en Bilbao, Immigration and international business lawyers in Spain","article_published_time":"2025-01-04T16:47:09+00:00","article_modified_time":"2025-01-07T11:20:01+00:00","og_image":[{"width":800,"height":604,"url":"https:\/\/tradelex.com\/wp-content\/uploads\/2024\/04\/Two-story_single-family_home.jpg","type":"image\/jpeg"}],"author":"tradelex","twitter_card":"summary_large_image","twitter_creator":"@tradelex","twitter_site":"@tradelex","schema":{"@context":"https:\/\/schema.org","@graph":[{"@type":"Article","@id":"https:\/\/tradelex.com\/en\/2025\/01\/04\/the-golden-visas-will-end-on-april-3\/#article","isPartOf":{"@id":"https:\/\/tradelex.com\/en\/2025\/01\/04\/the-golden-visas-will-end-on-april-3\/"},"author":{"name":"tradelex","@id":"https:\/\/tradelex.com\/en\/#\/schema\/person\/26775806cf9adcc26b36e484909cad24"},"headline":"The Golden Visas will end on April 3rd","datePublished":"2025-01-04T16:47:09+00:00","dateModified":"2025-01-07T11:20:01+00:00","mainEntityOfPage":{"@id":"https:\/\/tradelex.com\/en\/2025\/01\/04\/the-golden-visas-will-end-on-april-3\/"},"wordCount":163,"publisher":{"@id":"https:\/\/tradelex.com\/en\/#organization"},"image":{"@id":"https:\/\/tradelex.com\/en\/2025\/01\/04\/the-golden-visas-will-end-on-april-3\/#primaryimage"},"thumbnailUrl":"https:\/\/tradelex.com\/wp-content\/uploads\/2024\/04\/Two-story_single-family_home.jpg","keywords":["golden visas in Spain"],"articleSection":["Business immigration"],"inLanguage":"en-US"},{"@type":"WebPage","@id":"https:\/\/tradelex.com\/en\/2025\/01\/04\/the-golden-visas-will-end-on-april-3\/","url":"https:\/\/tradelex.com\/en\/2025\/01\/04\/the-golden-visas-will-end-on-april-3\/","name":"The Golden Visas will end on April 3rd - Abogados de extranjer\u00eda en Bilbao, nacionalidad y derecho internacional en Bilbao, Immigration and international business lawyers in Spain","isPartOf":{"@id":"https:\/\/tradelex.com\/en\/#website"},"primaryImageOfPage":{"@id":"https:\/\/tradelex.com\/en\/2025\/01\/04\/the-golden-visas-will-end-on-april-3\/#primaryimage"},"image":{"@id":"https:\/\/tradelex.com\/en\/2025\/01\/04\/the-golden-visas-will-end-on-april-3\/#primaryimage"},"thumbnailUrl":"https:\/\/tradelex.com\/wp-content\/uploads\/2024\/04\/Two-story_single-family_home.jpg","datePublished":"2025-01-04T16:47:09+00:00","dateModified":"2025-01-07T11:20:01+00:00","description":"Abogados especialistas en derecho migratorio y de extranjer\u00eda, nacionalidad y derecho internacional privado en Bilbao, Bizkaia, Espa\u00f1a","breadcrumb":{"@id":"https:\/\/tradelex.com\/en\/2025\/01\/04\/the-golden-visas-will-end-on-april-3\/#breadcrumb"},"inLanguage":"en-US","potentialAction":[{"@type":"ReadAction","target":["https:\/\/tradelex.com\/en\/2025\/01\/04\/the-golden-visas-will-end-on-april-3\/"]}]},{"@type":"ImageObject","inLanguage":"en-US","@id":"https:\/\/tradelex.com\/en\/2025\/01\/04\/the-golden-visas-will-end-on-april-3\/#primaryimage","url":"https:\/\/tradelex.com\/wp-content\/uploads\/2024\/04\/Two-story_single-family_home.jpg","contentUrl":"https:\/\/tradelex.com\/wp-content\/uploads\/2024\/04\/Two-story_single-family_home.jpg","width":800,"height":604},{"@type":"BreadcrumbList","@id":"https:\/\/tradelex.com\/en\/2025\/01\/04\/the-golden-visas-will-end-on-april-3\/#breadcrumb","itemListElement":[{"@type":"ListItem","position":1,"name":"Portada","item":"https:\/\/tradelex.com\/en\/home\/"},{"@type":"ListItem","position":2,"name":"The Golden Visas will end on April 3rd"}]},{"@type":"WebSite","@id":"https:\/\/tradelex.com\/en\/#website","url":"https:\/\/tradelex.com\/en\/","name":"Tradelex Abogados - Especialistas en Extranjer\u00eda, nacionalidad e Internacional privado en Bilbao Bizkaia, immigration and international business lawyers in Bilbao Spain","description":"Abogados especialistas en derecho de extranjer\u00eda e inmigraci\u00f3n, nacionalidad e internacional privado en Bilbao, Bizkaia, Pa\u00eds Vasco, Basque Country Spain","publisher":{"@id":"https:\/\/tradelex.com\/en\/#organization"},"alternateName":"Tradelex Abogados de extranjer\u00eda","potentialAction":[{"@type":"SearchAction","target":{"@type":"EntryPoint","urlTemplate":"https:\/\/tradelex.com\/en\/?s={search_term_string}"},"query-input":{"@type":"PropertyValueSpecification","valueRequired":true,"valueName":"search_term_string"}}],"inLanguage":"en-US"},{"@type":"Organization","@id":"https:\/\/tradelex.com\/en\/#organization","name":"Tradelex Abogados","url":"https:\/\/tradelex.com\/en\/","logo":{"@type":"ImageObject","inLanguage":"en-US","@id":"https:\/\/tradelex.com\/en\/#\/schema\/logo\/image\/","url":"https:\/\/tradelex.com\/wp-content\/uploads\/2018\/12\/dark_logo_white_background_reducido-web.jpg","contentUrl":"https:\/\/tradelex.com\/wp-content\/uploads\/2018\/12\/dark_logo_white_background_reducido-web.jpg","width":261,"height":80,"caption":"Tradelex Abogados"},"image":{"@id":"https:\/\/tradelex.com\/en\/#\/schema\/logo\/image\/"},"sameAs":["https:\/\/x.com\/tradelex","https:\/\/www.linkedin.com\/in\/brunomanzanares\/"]},{"@type":"Person","@id":"https:\/\/tradelex.com\/en\/#\/schema\/person\/26775806cf9adcc26b36e484909cad24","name":"tradelex","image":{"@type":"ImageObject","inLanguage":"en-US","@id":"https:\/\/secure.gravatar.com\/avatar\/f4af1ea47c4bb1f59ffd3ead73eeae51ec72b84137c42caadf993f7f0c815e3a?s=96&d=mm&r=g","url":"https:\/\/secure.gravatar.com\/avatar\/f4af1ea47c4bb1f59ffd3ead73eeae51ec72b84137c42caadf993f7f0c815e3a?s=96&d=mm&r=g","contentUrl":"https:\/\/secure.gravatar.com\/avatar\/f4af1ea47c4bb1f59ffd3ead73eeae51ec72b84137c42caadf993f7f0c815e3a?s=96&d=mm&r=g","caption":"tradelex"}}]}},"_links":{"self":[{"href":"https:\/\/tradelex.com\/en\/wp-json\/wp\/v2\/posts\/4553","targetHints":{"allow":["GET"]}}],"collection":[{"href":"https:\/\/tradelex.com\/en\/wp-json\/wp\/v2\/posts"}],"about":[{"href":"https:\/\/tradelex.com\/en\/wp-json\/wp\/v2\/types\/post"}],"author":[{"embeddable":true,"href":"https:\/\/tradelex.com\/en\/wp-json\/wp\/v2\/users\/1"}],"replies":[{"embeddable":true,"href":"https:\/\/tradelex.com\/en\/wp-json\/wp\/v2\/comments?post=4553"}],"version-history":[{"count":0,"href":"https:\/\/tradelex.com\/en\/wp-json\/wp\/v2\/posts\/4553\/revisions"}],"wp:featuredmedia":[{"embeddable":true,"href":"https:\/\/tradelex.com\/en\/wp-json\/wp\/v2\/media\/4287"}],"wp:attachment":[{"href":"https:\/\/tradelex.com\/en\/wp-json\/wp\/v2\/media?parent=4553"}],"wp:term":[{"taxonomy":"category","embeddable":true,"href":"https:\/\/tradelex.com\/en\/wp-json\/wp\/v2\/categories?post=4553"},{"taxonomy":"post_tag","embeddable":true,"href":"https:\/\/tradelex.com\/en\/wp-json\/wp\/v2\/tags?post=4553"}],"curies":[{"name":"wp","href":"https:\/\/api.w.org\/{rel}","templated":true}]}}